{"id":2224,"date":"2020-07-28T14:31:03","date_gmt":"2020-07-28T12:31:03","guid":{"rendered":"https:\/\/www.castillodelamota.es\/le-centre-des-visiteurs-de-mota-castle-a-deja-reouvert-ses-portes\/"},"modified":"2020-07-28T14:32:43","modified_gmt":"2020-07-28T12:32:43","slug":"le-centre-des-visiteurs-de-mota-castle-a-deja-reouvert-ses-portes","status":"publish","type":"post","link":"https:\/\/www.castillodelamota.es\/fr\/le-centre-des-visiteurs-de-mota-castle-a-deja-reouvert-ses-portes\/","title":{"rendered":"LE CENTRE DES VISITEURS DE MOTA CASTLE A D\u00c9J\u00c0 R\u00c9OUVERT SES PORTES!"},"content":{"rendered":"<p>[et_pb_section fb_built=&#8221;1&#8243; _builder_version=&#8221;3.22&#8243;][et_pb_row _builder_version=&#8221;3.25&#8243; background_size=&#8221;initial&#8221; background_position=&#8221;top_left&#8221; background_repeat=&#8221;repeat&#8221;][et_pb_column type=&#8221;4_4&#8243; _builder_version=&#8221;3.25&#8243; custom_padding=&#8221;|||&#8221; custom_padding__hover=&#8221;|||&#8221;][et_pb_text _builder_version=&#8221;4.4.8&#8243; z_index_tablet=&#8221;500&#8243; text_text_shadow_horizontal_length_tablet=&#8221;0px&#8221; text_text_shadow_vertical_length_tablet=&#8221;0px&#8221; text_text_shadow_blur_strength_tablet=&#8221;1px&#8221; link_text_shadow_horizontal_length_tablet=&#8221;0px&#8221; link_text_shadow_vertical_length_tablet=&#8221;0px&#8221; link_text_shadow_blur_strength_tablet=&#8221;1px&#8221; ul_text_shadow_horizontal_length_tablet=&#8221;0px&#8221; ul_text_shadow_vertical_length_tablet=&#8221;0px&#8221; ul_text_shadow_blur_strength_tablet=&#8221;1px&#8221; ol_text_shadow_horizontal_length_tablet=&#8221;0px&#8221; ol_text_shadow_vertical_length_tablet=&#8221;0px&#8221; ol_text_shadow_blur_strength_tablet=&#8221;1px&#8221; quote_text_shadow_horizontal_length_tablet=&#8221;0px&#8221; quote_text_shadow_vertical_length_tablet=&#8221;0px&#8221; quote_text_shadow_blur_strength_tablet=&#8221;1px&#8221; header_text_shadow_horizontal_length_tablet=&#8221;0px&#8221; header_text_shadow_vertical_length_tablet=&#8221;0px&#8221; header_text_shadow_blur_strength_tablet=&#8221;1px&#8221; header_2_text_shadow_horizontal_length_tablet=&#8221;0px&#8221; header_2_text_shadow_vertical_length_tablet=&#8221;0px&#8221; header_2_text_shadow_blur_strength_tablet=&#8221;1px&#8221; header_3_text_shadow_horizontal_length_tablet=&#8221;0px&#8221; header_3_text_shadow_vertical_length_tablet=&#8221;0px&#8221; header_3_text_shadow_blur_strength_tablet=&#8221;1px&#8221; header_4_text_shadow_horizontal_length_tablet=&#8221;0px&#8221; header_4_text_shadow_vertical_length_tablet=&#8221;0px&#8221; header_4_text_shadow_blur_strength_tablet=&#8221;1px&#8221; header_5_text_shadow_horizontal_length_tablet=&#8221;0px&#8221; header_5_text_shadow_vertical_length_tablet=&#8221;0px&#8221; header_5_text_shadow_blur_strength_tablet=&#8221;1px&#8221; header_6_text_shadow_horizontal_length_tablet=&#8221;0px&#8221; header_6_text_shadow_vertical_length_tablet=&#8221;0px&#8221; header_6_text_shadow_blur_strength_tablet=&#8221;1px&#8221; box_shadow_horizontal_tablet=&#8221;0px&#8221; box_shadow_vertical_tablet=&#8221;0px&#8221; box_shadow_blur_tablet=&#8221;40px&#8221; box_shadow_spread_tablet=&#8221;0px&#8221;]<img loading=\"lazy\" decoding=\"async\" class=\"wp-image-1359 alignleft\" src=\"https:\/\/www.castillodelamota.es\/wp-content\/uploads\/2020\/06\/Castillo-de-la-Mota-EXTERIORES-768x1024.jpg\" alt=\"\" width=\"374\" height=\"499\" \/>Le lundi 15 juin, le Centre a rouvert ses portes au public apr\u00e8s un peu plus de 3 mois de fermeture, suivant les recommandations pour l&#8217;endiguement du COVID-19.<\/p>\n<p>L&#8217;activit\u00e9 a repris avec beaucoup d&#8217;enthousiasme, mais aussi avec quelques restrictions et dans le respect des normes de s\u00e9curit\u00e9 et d&#8217;hygi\u00e8ne \u00e9tablies par les autorit\u00e9s sanitaires \u00e0 chacune des phases.<\/p>\n<p>Bien que nous esp\u00e9rons retrouver petit \u00e0 petit l&#8217;activit\u00e9 habituelle, ces premiers jours le Centre des visiteurs maintiendra les m\u00eames horaires d&#8217;ouverture que le Castillo de la Mota lui-m\u00eame (du lundi au samedi de 11h00 \u00e0 14h00 et du lundi au samedi de 11h00 \u00e0 14h00). 16h00 \u00e0 19h00 et les dimanches et jours f\u00e9ri\u00e9s de 11h00 \u00e0 14h00), offrant le service de visites guid\u00e9es les vendredis, samedis et dimanches selon son horaire habituel, avec toutefois quelques modifications dans l&#8217;une de leurs tourn\u00e9es.<\/p>\n<p>Une r\u00e9servation pr\u00e9alable sera n\u00e9cessaire \u00e0 la fois pour la visite gratuite du ch\u00e2teau et pour \u00eatre incluse dans l&#8217;une des visites guid\u00e9es qui seront propos\u00e9es pendant le week-end. Il faudra encore attendre un peu plus longtemps pour pouvoir r\u00e9cup\u00e9rer le reste des activit\u00e9s que nous proposons depuis ce centre, telles que des visites th\u00e9\u00e2tralis\u00e9es, des visites th\u00e9matiques, des ateliers enfants, etc.<\/p>\n<p>Enfin, nous recommandons \u00e0 tous ceux qui souhaitent se rapprocher ces jours-ci du Castillo de la Mota de contacter le centre d&#8217;accueil, d&#8217;o\u00f9 nous les informerons de tout ce qui est n\u00e9cessaire pour profiter de cette grande forteresse et de la ville de Medina del Champ pendant ces phases de d\u00e9sescalade.<\/p>\n<p style=\"text-align: center;\"><strong>983 81 00 63\u00a0\u00a0\u00a0 &#8211;\u00a0\u00a0\u00a0\u00a0\u00a0 983 81 27 24<\/strong><\/p>\n<p style=\"text-align: center;\"><a href=\"mailto:centrodevisitantes@castillodelamota.es\">centrodevisitantes@castillodelamota.es<\/a><\/p>\n<p style=\"text-align: center;\"><a href=\"https:\/\/www.castillodelamota.es\">www.castillodelamota.es<\/a><\/p>\n<p>[\/et_pb_text][\/et_pb_column][\/et_pb_row][\/et_pb_section]<\/p>\n","protected":false},"excerpt":{"rendered":"<p>Le lundi 15 juin, le Centre a rouvert ses portes au public apr\u00e8s un peu plus de 3 mois de fermeture, suivant les recommandations pour l&#8217;endiguement du COVID-19. L&#8217;activit\u00e9 a repris avec beaucoup d&#8217;enthousiasme, mais aussi avec quelques restrictions et dans le respect des normes de s\u00e9curit\u00e9 et d&#8217;hygi\u00e8ne \u00e9tablies par les autorit\u00e9s sanitaires \u00e0 [&hellip;]<\/p>\n","protected":false},"author":1,"featured_media":1844,"comment_status":"closed","ping_status":"open","sticky":false,"template":"","format":"standard","meta":{"_et_pb_use_builder":"on","_et_pb_old_content":"","_et_gb_content_width":"","inline_featured_image":false,"_monsterinsights_skip_tracking":false,"_monsterinsights_sitenote_active":false,"_monsterinsights_sitenote_note":"","_monsterinsights_sitenote_category":0,"footnotes":""},"categories":[20],"tags":[],"class_list":["post-2224","post","type-post","status-publish","format-standard","has-post-thumbnail","hentry","category-nouvelles"],"yoast_head":"<!-- This site is optimized with the Yoast SEO plugin v27.4 - https:\/\/yoast.com\/product\/yoast-seo-wordpress\/ -->\n<title>LE CENTRE DES VISITEURS DE MOTA CASTLE A D\u00c9J\u00c0 R\u00c9OUVERT SES PORTES! - Castillo de la Mota<\/title>\n<meta name=\"robots\" content=\"index, follow, max-snippet:-1, max-image-preview:large, max-video-preview:-1\" \/>\n<link rel=\"canonical\" href=\"https:\/\/www.castillodelamota.es\/fr\/le-centre-des-visiteurs-de-mota-castle-a-deja-reouvert-ses-portes\/\" \/>\n<meta property=\"og:locale\" content=\"fr_FR\" \/>\n<meta property=\"og:type\" content=\"article\" \/>\n<meta property=\"og:title\" content=\"LE CENTRE DES VISITEURS DE MOTA CASTLE A D\u00c9J\u00c0 R\u00c9OUVERT SES PORTES! - Castillo de la Mota\" \/>\n<meta property=\"og:url\" content=\"https:\/\/www.castillodelamota.es\/fr\/le-centre-des-visiteurs-de-mota-castle-a-deja-reouvert-ses-portes\/\" \/>\n<meta property=\"og:site_name\" content=\"Castillo de la Mota\" \/>\n<meta property=\"article:published_time\" content=\"2020-07-28T12:31:03+00:00\" \/>\n<meta property=\"article:modified_time\" content=\"2020-07-28T12:32:43+00:00\" \/>\n<meta property=\"og:image\" content=\"https:\/\/www.castillodelamota.es\/wp-content\/uploads\/2020\/06\/sliderdescubreelcastillo.jpg\" \/>\n\t<meta property=\"og:image:width\" content=\"1500\" \/>\n\t<meta property=\"og:image:height\" content=\"300\" \/>\n\t<meta property=\"og:image:type\" content=\"image\/jpeg\" \/>\n<meta name=\"author\" content=\"mkadmin\" \/>\n<meta name=\"twitter:card\" content=\"summary_large_image\" \/>\n<meta name=\"twitter:label1\" content=\"\u00c9crit par\" \/>\n\t<meta name=\"twitter:data1\" content=\"mkadmin\" \/>\n\t<meta name=\"twitter:label2\" content=\"Dur\u00e9e de lecture estim\u00e9e\" \/>\n\t<meta name=\"twitter:data2\" content=\"3 minutes\" \/>\n<script type=\"application\/ld+json\" class=\"yoast-schema-graph\">{\"@context\":\"https:\\\/\\\/schema.org\",\"@graph\":[{\"@type\":\"Article\",\"@id\":\"https:\\\/\\\/www.castillodelamota.es\\\/fr\\\/le-centre-des-visiteurs-de-mota-castle-a-deja-reouvert-ses-portes\\\/#article\",\"isPartOf\":{\"@id\":\"https:\\\/\\\/www.castillodelamota.es\\\/fr\\\/le-centre-des-visiteurs-de-mota-castle-a-deja-reouvert-ses-portes\\\/\"},\"author\":{\"name\":\"mkadmin\",\"@id\":\"https:\\\/\\\/www.castillodelamota.es\\\/#\\\/schema\\\/person\\\/5ea8149e6d4b8f61cf1f925a3de36775\"},\"headline\":\"LE CENTRE DES VISITEURS DE MOTA CASTLE A D\u00c9J\u00c0 R\u00c9OUVERT SES PORTES!\",\"datePublished\":\"2020-07-28T12:31:03+00:00\",\"dateModified\":\"2020-07-28T12:32:43+00:00\",\"mainEntityOfPage\":{\"@id\":\"https:\\\/\\\/www.castillodelamota.es\\\/fr\\\/le-centre-des-visiteurs-de-mota-castle-a-deja-reouvert-ses-portes\\\/\"},\"wordCount\":604,\"image\":{\"@id\":\"https:\\\/\\\/www.castillodelamota.es\\\/fr\\\/le-centre-des-visiteurs-de-mota-castle-a-deja-reouvert-ses-portes\\\/#primaryimage\"},\"thumbnailUrl\":\"https:\\\/\\\/www.castillodelamota.es\\\/wp-content\\\/uploads\\\/2020\\\/06\\\/sliderdescubreelcastillo.jpg\",\"articleSection\":[\"nouvelles\"],\"inLanguage\":\"fr-FR\"},{\"@type\":\"WebPage\",\"@id\":\"https:\\\/\\\/www.castillodelamota.es\\\/fr\\\/le-centre-des-visiteurs-de-mota-castle-a-deja-reouvert-ses-portes\\\/\",\"url\":\"https:\\\/\\\/www.castillodelamota.es\\\/fr\\\/le-centre-des-visiteurs-de-mota-castle-a-deja-reouvert-ses-portes\\\/\",\"name\":\"LE CENTRE DES VISITEURS DE MOTA CASTLE A D\u00c9J\u00c0 R\u00c9OUVERT SES PORTES! - Castillo de la Mota\",\"isPartOf\":{\"@id\":\"https:\\\/\\\/www.castillodelamota.es\\\/#website\"},\"primaryImageOfPage\":{\"@id\":\"https:\\\/\\\/www.castillodelamota.es\\\/fr\\\/le-centre-des-visiteurs-de-mota-castle-a-deja-reouvert-ses-portes\\\/#primaryimage\"},\"image\":{\"@id\":\"https:\\\/\\\/www.castillodelamota.es\\\/fr\\\/le-centre-des-visiteurs-de-mota-castle-a-deja-reouvert-ses-portes\\\/#primaryimage\"},\"thumbnailUrl\":\"https:\\\/\\\/www.castillodelamota.es\\\/wp-content\\\/uploads\\\/2020\\\/06\\\/sliderdescubreelcastillo.jpg\",\"datePublished\":\"2020-07-28T12:31:03+00:00\",\"dateModified\":\"2020-07-28T12:32:43+00:00\",\"author\":{\"@id\":\"https:\\\/\\\/www.castillodelamota.es\\\/#\\\/schema\\\/person\\\/5ea8149e6d4b8f61cf1f925a3de36775\"},\"breadcrumb\":{\"@id\":\"https:\\\/\\\/www.castillodelamota.es\\\/fr\\\/le-centre-des-visiteurs-de-mota-castle-a-deja-reouvert-ses-portes\\\/#breadcrumb\"},\"inLanguage\":\"fr-FR\",\"potentialAction\":[{\"@type\":\"ReadAction\",\"target\":[\"https:\\\/\\\/www.castillodelamota.es\\\/fr\\\/le-centre-des-visiteurs-de-mota-castle-a-deja-reouvert-ses-portes\\\/\"]}]},{\"@type\":\"ImageObject\",\"inLanguage\":\"fr-FR\",\"@id\":\"https:\\\/\\\/www.castillodelamota.es\\\/fr\\\/le-centre-des-visiteurs-de-mota-castle-a-deja-reouvert-ses-portes\\\/#primaryimage\",\"url\":\"https:\\\/\\\/www.castillodelamota.es\\\/wp-content\\\/uploads\\\/2020\\\/06\\\/sliderdescubreelcastillo.jpg\",\"contentUrl\":\"https:\\\/\\\/www.castillodelamota.es\\\/wp-content\\\/uploads\\\/2020\\\/06\\\/sliderdescubreelcastillo.jpg\",\"width\":1500,\"height\":300,\"caption\":\"DCIM102MEDIADJI_0217.JPG\"},{\"@type\":\"BreadcrumbList\",\"@id\":\"https:\\\/\\\/www.castillodelamota.es\\\/fr\\\/le-centre-des-visiteurs-de-mota-castle-a-deja-reouvert-ses-portes\\\/#breadcrumb\",\"itemListElement\":[{\"@type\":\"ListItem\",\"position\":1,\"name\":\"Portada\",\"item\":\"https:\\\/\\\/www.castillodelamota.es\\\/fr\\\/\"},{\"@type\":\"ListItem\",\"position\":2,\"name\":\"LE CENTRE DES VISITEURS DE MOTA CASTLE A D\u00c9J\u00c0 R\u00c9OUVERT SES PORTES!\"}]},{\"@type\":\"WebSite\",\"@id\":\"https:\\\/\\\/www.castillodelamota.es\\\/#website\",\"url\":\"https:\\\/\\\/www.castillodelamota.es\\\/\",\"name\":\"Castillo de la Mota\",\"description\":\"Castillo en Medina del Campo\",\"potentialAction\":[{\"@type\":\"SearchAction\",\"target\":{\"@type\":\"EntryPoint\",\"urlTemplate\":\"https:\\\/\\\/www.castillodelamota.es\\\/?s={search_term_string}\"},\"query-input\":{\"@type\":\"PropertyValueSpecification\",\"valueRequired\":true,\"valueName\":\"search_term_string\"}}],\"inLanguage\":\"fr-FR\"},{\"@type\":\"Person\",\"@id\":\"https:\\\/\\\/www.castillodelamota.es\\\/#\\\/schema\\\/person\\\/5ea8149e6d4b8f61cf1f925a3de36775\",\"name\":\"mkadmin\",\"image\":{\"@type\":\"ImageObject\",\"inLanguage\":\"fr-FR\",\"@id\":\"https:\\\/\\\/secure.gravatar.com\\\/avatar\\\/a9d545a2d26eba1c0f71db50bae69240bc0b8de9054da6bdd76dc2ccb19eb148?s=96&d=mm&r=g\",\"url\":\"https:\\\/\\\/secure.gravatar.com\\\/avatar\\\/a9d545a2d26eba1c0f71db50bae69240bc0b8de9054da6bdd76dc2ccb19eb148?s=96&d=mm&r=g\",\"contentUrl\":\"https:\\\/\\\/secure.gravatar.com\\\/avatar\\\/a9d545a2d26eba1c0f71db50bae69240bc0b8de9054da6bdd76dc2ccb19eb148?s=96&d=mm&r=g\",\"caption\":\"mkadmin\"},\"url\":\"https:\\\/\\\/www.castillodelamota.es\\\/fr\\\/author\\\/mkadmin\\\/\"}]}<\/script>\n<!-- \/ Yoast SEO plugin. -->","yoast_head_json":{"title":"LE CENTRE DES VISITEURS DE MOTA CASTLE A D\u00c9J\u00c0 R\u00c9OUVERT SES PORTES! - Castillo de la Mota","robots":{"index":"index","follow":"follow","max-snippet":"max-snippet:-1","max-image-preview":"max-image-preview:large","max-video-preview":"max-video-preview:-1"},"canonical":"https:\/\/www.castillodelamota.es\/fr\/le-centre-des-visiteurs-de-mota-castle-a-deja-reouvert-ses-portes\/","og_locale":"fr_FR","og_type":"article","og_title":"LE CENTRE DES VISITEURS DE MOTA CASTLE A D\u00c9J\u00c0 R\u00c9OUVERT SES PORTES! - Castillo de la Mota","og_url":"https:\/\/www.castillodelamota.es\/fr\/le-centre-des-visiteurs-de-mota-castle-a-deja-reouvert-ses-portes\/","og_site_name":"Castillo de la Mota","article_published_time":"2020-07-28T12:31:03+00:00","article_modified_time":"2020-07-28T12:32:43+00:00","og_image":[{"width":1500,"height":300,"url":"https:\/\/www.castillodelamota.es\/wp-content\/uploads\/2020\/06\/sliderdescubreelcastillo.jpg","type":"image\/jpeg"}],"author":"mkadmin","twitter_card":"summary_large_image","twitter_misc":{"\u00c9crit par":"mkadmin","Dur\u00e9e de lecture estim\u00e9e":"3 minutes"},"schema":{"@context":"https:\/\/schema.org","@graph":[{"@type":"Article","@id":"https:\/\/www.castillodelamota.es\/fr\/le-centre-des-visiteurs-de-mota-castle-a-deja-reouvert-ses-portes\/#article","isPartOf":{"@id":"https:\/\/www.castillodelamota.es\/fr\/le-centre-des-visiteurs-de-mota-castle-a-deja-reouvert-ses-portes\/"},"author":{"name":"mkadmin","@id":"https:\/\/www.castillodelamota.es\/#\/schema\/person\/5ea8149e6d4b8f61cf1f925a3de36775"},"headline":"LE CENTRE DES VISITEURS DE MOTA CASTLE A D\u00c9J\u00c0 R\u00c9OUVERT SES PORTES!","datePublished":"2020-07-28T12:31:03+00:00","dateModified":"2020-07-28T12:32:43+00:00","mainEntityOfPage":{"@id":"https:\/\/www.castillodelamota.es\/fr\/le-centre-des-visiteurs-de-mota-castle-a-deja-reouvert-ses-portes\/"},"wordCount":604,"image":{"@id":"https:\/\/www.castillodelamota.es\/fr\/le-centre-des-visiteurs-de-mota-castle-a-deja-reouvert-ses-portes\/#primaryimage"},"thumbnailUrl":"https:\/\/www.castillodelamota.es\/wp-content\/uploads\/2020\/06\/sliderdescubreelcastillo.jpg","articleSection":["nouvelles"],"inLanguage":"fr-FR"},{"@type":"WebPage","@id":"https:\/\/www.castillodelamota.es\/fr\/le-centre-des-visiteurs-de-mota-castle-a-deja-reouvert-ses-portes\/","url":"https:\/\/www.castillodelamota.es\/fr\/le-centre-des-visiteurs-de-mota-castle-a-deja-reouvert-ses-portes\/","name":"LE CENTRE DES VISITEURS DE MOTA CASTLE A D\u00c9J\u00c0 R\u00c9OUVERT SES PORTES! - Castillo de la Mota","isPartOf":{"@id":"https:\/\/www.castillodelamota.es\/#website"},"primaryImageOfPage":{"@id":"https:\/\/www.castillodelamota.es\/fr\/le-centre-des-visiteurs-de-mota-castle-a-deja-reouvert-ses-portes\/#primaryimage"},"image":{"@id":"https:\/\/www.castillodelamota.es\/fr\/le-centre-des-visiteurs-de-mota-castle-a-deja-reouvert-ses-portes\/#primaryimage"},"thumbnailUrl":"https:\/\/www.castillodelamota.es\/wp-content\/uploads\/2020\/06\/sliderdescubreelcastillo.jpg","datePublished":"2020-07-28T12:31:03+00:00","dateModified":"2020-07-28T12:32:43+00:00","author":{"@id":"https:\/\/www.castillodelamota.es\/#\/schema\/person\/5ea8149e6d4b8f61cf1f925a3de36775"},"breadcrumb":{"@id":"https:\/\/www.castillodelamota.es\/fr\/le-centre-des-visiteurs-de-mota-castle-a-deja-reouvert-ses-portes\/#breadcrumb"},"inLanguage":"fr-FR","potentialAction":[{"@type":"ReadAction","target":["https:\/\/www.castillodelamota.es\/fr\/le-centre-des-visiteurs-de-mota-castle-a-deja-reouvert-ses-portes\/"]}]},{"@type":"ImageObject","inLanguage":"fr-FR","@id":"https:\/\/www.castillodelamota.es\/fr\/le-centre-des-visiteurs-de-mota-castle-a-deja-reouvert-ses-portes\/#primaryimage","url":"https:\/\/www.castillodelamota.es\/wp-content\/uploads\/2020\/06\/sliderdescubreelcastillo.jpg","contentUrl":"https:\/\/www.castillodelamota.es\/wp-content\/uploads\/2020\/06\/sliderdescubreelcastillo.jpg","width":1500,"height":300,"caption":"DCIM102MEDIADJI_0217.JPG"},{"@type":"BreadcrumbList","@id":"https:\/\/www.castillodelamota.es\/fr\/le-centre-des-visiteurs-de-mota-castle-a-deja-reouvert-ses-portes\/#breadcrumb","itemListElement":[{"@type":"ListItem","position":1,"name":"Portada","item":"https:\/\/www.castillodelamota.es\/fr\/"},{"@type":"ListItem","position":2,"name":"LE CENTRE DES VISITEURS DE MOTA CASTLE A D\u00c9J\u00c0 R\u00c9OUVERT SES PORTES!"}]},{"@type":"WebSite","@id":"https:\/\/www.castillodelamota.es\/#website","url":"https:\/\/www.castillodelamota.es\/","name":"Castillo de la Mota","description":"Castillo en Medina del Campo","potentialAction":[{"@type":"SearchAction","target":{"@type":"EntryPoint","urlTemplate":"https:\/\/www.castillodelamota.es\/?s={search_term_string}"},"query-input":{"@type":"PropertyValueSpecification","valueRequired":true,"valueName":"search_term_string"}}],"inLanguage":"fr-FR"},{"@type":"Person","@id":"https:\/\/www.castillodelamota.es\/#\/schema\/person\/5ea8149e6d4b8f61cf1f925a3de36775","name":"mkadmin","image":{"@type":"ImageObject","inLanguage":"fr-FR","@id":"https:\/\/secure.gravatar.com\/avatar\/a9d545a2d26eba1c0f71db50bae69240bc0b8de9054da6bdd76dc2ccb19eb148?s=96&d=mm&r=g","url":"https:\/\/secure.gravatar.com\/avatar\/a9d545a2d26eba1c0f71db50bae69240bc0b8de9054da6bdd76dc2ccb19eb148?s=96&d=mm&r=g","contentUrl":"https:\/\/secure.gravatar.com\/avatar\/a9d545a2d26eba1c0f71db50bae69240bc0b8de9054da6bdd76dc2ccb19eb148?s=96&d=mm&r=g","caption":"mkadmin"},"url":"https:\/\/www.castillodelamota.es\/fr\/author\/mkadmin\/"}]}},"_links":{"self":[{"href":"https:\/\/www.castillodelamota.es\/fr\/wp-json\/wp\/v2\/posts\/2224","targetHints":{"allow":["GET"]}}],"collection":[{"href":"https:\/\/www.castillodelamota.es\/fr\/wp-json\/wp\/v2\/posts"}],"about":[{"href":"https:\/\/www.castillodelamota.es\/fr\/wp-json\/wp\/v2\/types\/post"}],"author":[{"embeddable":true,"href":"https:\/\/www.castillodelamota.es\/fr\/wp-json\/wp\/v2\/users\/1"}],"replies":[{"embeddable":true,"href":"https:\/\/www.castillodelamota.es\/fr\/wp-json\/wp\/v2\/comments?post=2224"}],"version-history":[{"count":3,"href":"https:\/\/www.castillodelamota.es\/fr\/wp-json\/wp\/v2\/posts\/2224\/revisions"}],"predecessor-version":[{"id":2227,"href":"https:\/\/www.castillodelamota.es\/fr\/wp-json\/wp\/v2\/posts\/2224\/revisions\/2227"}],"wp:featuredmedia":[{"embeddable":true,"href":"https:\/\/www.castillodelamota.es\/fr\/wp-json\/wp\/v2\/media\/1844"}],"wp:attachment":[{"href":"https:\/\/www.castillodelamota.es\/fr\/wp-json\/wp\/v2\/media?parent=2224"}],"wp:term":[{"taxonomy":"category","embeddable":true,"href":"https:\/\/www.castillodelamota.es\/fr\/wp-json\/wp\/v2\/categories?post=2224"},{"taxonomy":"post_tag","embeddable":true,"href":"https:\/\/www.castillodelamota.es\/fr\/wp-json\/wp\/v2\/tags?post=2224"}],"curies":[{"name":"wp","href":"https:\/\/api.w.org\/{rel}","templated":true}]}}